{"id":134,"date":"2025-10-10T15:28:17","date_gmt":"2025-10-10T15:28:17","guid":{"rendered":"https:\/\/deportesalternativos.com\/congreso\/?p=134"},"modified":"2025-10-10T15:33:25","modified_gmt":"2025-10-10T15:33:25","slug":"inscripciones-abiertas","status":"publish","type":"post","link":"https:\/\/deportesalternativos.com\/congreso\/index.php\/2025\/10\/10\/inscripciones-abiertas\/","title":{"rendered":"\u00a1Inscripciones abiertas!"},"content":{"rendered":"\n<p><\/p>\n\n\n\n<p>\u00a1Hemos iniciado el proceso de inscripciones! Ya est\u00e1 disponible en nuestro sitio web oficial, el <strong>M\u00f3dulo de Inscripciones<\/strong>. Podr\u00e1s acceder <strong><a href=\"https:\/\/www.eventosfuo.com\/qfuo\/fonline\/cong\/acceso_cong.php?idcgrs=702995&amp;idioma=es\">HACIENDO CLIC AQU\u00cd<\/a><\/strong> o en nuestro men\u00fa de opciones.<\/p>\n\n\n\n<p><strong>Apertura del plazo de inscripci\u00f3n al congreso con tarifa reducida:<\/strong><\/p>\n\n\n\n<p>Si se superase el <strong>cupo de 200 inscripciones<\/strong> se confeccionar\u00e1 una lista de espera que se utilizar\u00e1 en caso de que hubiera renuncias.<\/p>\n\n\n\n<p><strong>Las fechas y precios de inscripci\u00f3n se detallan en la siguiente tabla en funci\u00f3n del tipo de participante:<\/strong><\/p>\n\n\n\n<figure class=\"wp-block-table\"><table class=\"has-fixed-layout\"><tbody><tr><td class=\"has-text-align-center\" data-align=\"center\"><\/td><td class=\"has-text-align-center\" data-align=\"center\"><strong>TARIFA&nbsp;<\/strong> <strong>REDUCIDA<\/strong><\/td><td class=\"has-text-align-center\" data-align=\"center\"><strong>TARIFA EST\u00c1NDAR<\/strong><\/td><td class=\"has-text-align-center\" data-align=\"center\"><strong>TARIFA \u201cLATE\u201d<\/strong><\/td><\/tr><tr><td class=\"has-text-align-center\" data-align=\"center\"><\/td><td class=\"has-text-align-center\" data-align=\"center\">Hasta el 31 de enero de 2026<\/td><td class=\"has-text-align-center\" data-align=\"center\">Hasta el 1\u00b0 de marzo de 2026<\/td><td class=\"has-text-align-center\" data-align=\"center\">Hasta el 1\u00b0 de mayo de 2026<\/td><\/tr><tr><td class=\"has-text-align-center\" data-align=\"center\">*Alumnado de la Universidad de Oviedo<\/td><td class=\"has-text-align-center\" data-align=\"center\">60 \u20ac<\/td><td class=\"has-text-align-center\" data-align=\"center\">90 \u20ac<\/td><td class=\"has-text-align-center\" data-align=\"center\">120 \u20ac<\/td><\/tr><tr><td class=\"has-text-align-center\" data-align=\"center\">Docentes y otros profesionales<\/td><td class=\"has-text-align-center\" data-align=\"center\">120 \u20ac<\/td><td class=\"has-text-align-center\" data-align=\"center\">150 \u20ac<\/td><td class=\"has-text-align-center\" data-align=\"center\"><\/td><\/tr><\/tbody><\/table><\/figure>\n\n\n\n<p><em>* Acreditar mediante copia del carnet de estudiante<\/em><br><\/p>\n","protected":false},"excerpt":{"rendered":"<p>\u00a1Hemos iniciado el proceso de inscripciones! Ya est\u00e1 disponible en nuestro sitio web oficial, el M\u00f3dulo de Inscripciones. Podr\u00e1s acceder HACIENDO CLIC AQU\u00cd o en nuestro men\u00fa de opciones. Apertura del plazo de inscripci\u00f3n al congreso con tarifa reducida: Si se superase el cupo de 200 inscripciones se confeccionar\u00e1 una lista de espera que se [&hellip;]<\/p>\n","protected":false},"author":1,"featured_media":138,"comment_status":"open","ping_status":"open","sticky":false,"template":"","format":"standard","meta":{"pagelayer_contact_templates":[],"_pagelayer_content":"","footnotes":""},"categories":[1],"tags":[],"class_list":["post-134","post","type-post","status-publish","format-standard","has-post-thumbnail","hentry","category-novedades"],"_links":{"self":[{"href":"https:\/\/deportesalternativos.com\/congreso\/index.php\/wp-json\/wp\/v2\/posts\/134","targetHints":{"allow":["GET"]}}],"collection":[{"href":"https:\/\/deportesalternativos.com\/congreso\/index.php\/wp-json\/wp\/v2\/posts"}],"about":[{"href":"https:\/\/deportesalternativos.com\/congreso\/index.php\/wp-json\/wp\/v2\/types\/post"}],"author":[{"embeddable":true,"href":"https:\/\/deportesalternativos.com\/congreso\/index.php\/wp-json\/wp\/v2\/users\/1"}],"replies":[{"embeddable":true,"href":"https:\/\/deportesalternativos.com\/congreso\/index.php\/wp-json\/wp\/v2\/comments?post=134"}],"version-history":[{"count":2,"href":"https:\/\/deportesalternativos.com\/congreso\/index.php\/wp-json\/wp\/v2\/posts\/134\/revisions"}],"predecessor-version":[{"id":137,"href":"https:\/\/deportesalternativos.com\/congreso\/index.php\/wp-json\/wp\/v2\/posts\/134\/revisions\/137"}],"wp:featuredmedia":[{"embeddable":true,"href":"https:\/\/deportesalternativos.com\/congreso\/index.php\/wp-json\/wp\/v2\/media\/138"}],"wp:attachment":[{"href":"https:\/\/deportesalternativos.com\/congreso\/index.php\/wp-json\/wp\/v2\/media?parent=134"}],"wp:term":[{"taxonomy":"category","embeddable":true,"href":"https:\/\/deportesalternativos.com\/congreso\/index.php\/wp-json\/wp\/v2\/categories?post=134"},{"taxonomy":"post_tag","embeddable":true,"href":"https:\/\/deportesalternativos.com\/congreso\/index.php\/wp-json\/wp\/v2\/tags?post=134"}],"curies":[{"name":"wp","href":"https:\/\/api.w.org\/{rel}","templated":true}]}}