{"id":1,"date":"2025-08-29T21:07:00","date_gmt":"2025-08-29T21:07:00","guid":{"rendered":"https:\/\/deportesalternativos.com\/congreso\/?p=1"},"modified":"2025-09-18T22:42:12","modified_gmt":"2025-09-18T22:42:12","slug":"hello-world","status":"publish","type":"post","link":"https:\/\/deportesalternativos.com\/congreso\/index.php\/2025\/08\/29\/hello-world\/","title":{"rendered":"\u00a1Fecha confirmada!"},"content":{"rendered":"\n<p><strong>Oviedo, 29 de agosto de 2025<\/strong> \/ Luego de varias reuniones del Comit\u00e9 Organizador, qued\u00f3 confirmada la fecha de la 2\u00b0 edici\u00f3n del <strong>Congreso Internacional de Juegos y Deportes Alternativos: 1, 2 y 3 de julio de 2026<\/strong> y la sede ser\u00e1 la hermosa ciudad de <strong>Oviedo (Espa\u00f1a)<\/strong>.<\/p>\n\n\n\n<p>A partir de la mencionada confirmaci\u00f3n, los comit\u00e9s han comenzado la ardua tarea de coordinar y elaborar el armado, cronograma y la log\u00edstica necesaria para este evento de car\u00e1cter internacional que de esta manera, ve prolongada su continuidad luego de celebrar la edici\u00f3n inaugural en Valencia (enero 2025)<\/p>\n\n\n","protected":false},"excerpt":{"rendered":"<p>Oviedo, 29 de agosto de 2025 \/ Luego de varias reuniones del Comit\u00e9 Organizador, qued\u00f3 confirmada la fecha de la 2\u00b0 edici\u00f3n del Congreso Internacional de Juegos y Deportes Alternativos: 1, 2 y 3 de julio de 2026 y la sede ser\u00e1 la hermosa ciudad de Oviedo (Espa\u00f1a). A partir de la mencionada confirmaci\u00f3n, los [&hellip;]<\/p>\n","protected":false},"author":1,"featured_media":51,"comment_status":"closed","ping_status":"closed","sticky":false,"template":"","format":"standard","meta":{"pagelayer_contact_templates":[],"_pagelayer_content":"","footnotes":""},"categories":[1],"tags":[],"class_list":["post-1","post","type-post","status-publish","format-standard","has-post-thumbnail","hentry","category-novedades"],"_links":{"self":[{"href":"https:\/\/deportesalternativos.com\/congreso\/index.php\/wp-json\/wp\/v2\/posts\/1","targetHints":{"allow":["GET"]}}],"collection":[{"href":"https:\/\/deportesalternativos.com\/congreso\/index.php\/wp-json\/wp\/v2\/posts"}],"about":[{"href":"https:\/\/deportesalternativos.com\/congreso\/index.php\/wp-json\/wp\/v2\/types\/post"}],"author":[{"embeddable":true,"href":"https:\/\/deportesalternativos.com\/congreso\/index.php\/wp-json\/wp\/v2\/users\/1"}],"replies":[{"embeddable":true,"href":"https:\/\/deportesalternativos.com\/congreso\/index.php\/wp-json\/wp\/v2\/comments?post=1"}],"version-history":[{"count":3,"href":"https:\/\/deportesalternativos.com\/congreso\/index.php\/wp-json\/wp\/v2\/posts\/1\/revisions"}],"predecessor-version":[{"id":53,"href":"https:\/\/deportesalternativos.com\/congreso\/index.php\/wp-json\/wp\/v2\/posts\/1\/revisions\/53"}],"wp:featuredmedia":[{"embeddable":true,"href":"https:\/\/deportesalternativos.com\/congreso\/index.php\/wp-json\/wp\/v2\/media\/51"}],"wp:attachment":[{"href":"https:\/\/deportesalternativos.com\/congreso\/index.php\/wp-json\/wp\/v2\/media?parent=1"}],"wp:term":[{"taxonomy":"category","embeddable":true,"href":"https:\/\/deportesalternativos.com\/congreso\/index.php\/wp-json\/wp\/v2\/categories?post=1"},{"taxonomy":"post_tag","embeddable":true,"href":"https:\/\/deportesalternativos.com\/congreso\/index.php\/wp-json\/wp\/v2\/tags?post=1"}],"curies":[{"name":"wp","href":"https:\/\/api.w.org\/{rel}","templated":true}]}}