{"id":592,"date":"2016-08-15T21:30:20","date_gmt":"2016-08-16T00:30:20","guid":{"rendered":"http:\/\/deportesalternativos.com\/argentina\/?p=592"},"modified":"2017-04-22T21:35:30","modified_gmt":"2017-04-23T00:35:30","slug":"debut-en-esquel","status":"publish","type":"post","link":"https:\/\/deportesalternativos.com\/argentina\/debut-en-esquel\/","title":{"rendered":"Debut en Esquel"},"content":{"rendered":"<p><a href=\"https:\/\/deportesalternativos.com\/argentina\/wp-content\/uploads\/2017\/04\/20160814_131427-Esquel.jpg\"><img decoding=\"async\" loading=\"lazy\" class=\"aligncenter size-medium wp-image-593\" src=\"https:\/\/deportesalternativos.com\/argentina\/wp-content\/uploads\/2017\/04\/20160814_131427-Esquel-300x225.jpg\" alt=\"20160814_131427 Esquel\" width=\"300\" height=\"225\" srcset=\"https:\/\/deportesalternativos.com\/argentina\/wp-content\/uploads\/2017\/04\/20160814_131427-Esquel-300x225.jpg 300w, https:\/\/deportesalternativos.com\/argentina\/wp-content\/uploads\/2017\/04\/20160814_131427-Esquel-1024x768.jpg 1024w\" sizes=\"(max-width: 300px) 100vw, 300px\" \/><\/a>Esquel cont\u00f3 con la primera capacitaci\u00f3n. Organizada por Chubut Deportes y la Municipalidad de Esquel y coordinada por los Prof. Sebasti\u00e1n Oliva y Mariano Spataro, se llev\u00f3 a cabo en dos d\u00edas plagados de actividades nuevas.<\/p>\n\n\t\t<style type=\"text\/css\">\n\t\t\t#gallery-1 {\n\t\t\t\tmargin: auto;\n\t\t\t}\n\t\t\t#gallery-1 .gallery-item {\n\t\t\t\tfloat: left;\n\t\t\t\tmargin-top: 10px;\n\t\t\t\ttext-align: center;\n\t\t\t\twidth: 50%;\n\t\t\t}\n\t\t\t#gallery-1 img {\n\t\t\t\tborder: 2px solid #cfcfcf;\n\t\t\t}\n\t\t\t#gallery-1 .gallery-caption {\n\t\t\t\tmargin-left: 0;\n\t\t\t}\n\t\t\t\/* see gallery_shortcode() in wp-includes\/media.php *\/\n\t\t<\/style>\n\t\t<div id='gallery-1' class='gallery galleryid-592 gallery-columns-2 gallery-size-thumbnail'><dl class='gallery-item'>\n\t\t\t<dt class='gallery-icon landscape'>\n\t\t\t\t<a href='https:\/\/deportesalternativos.com\/argentina\/debut-en-esquel\/img-20160816-wa0002-esquel\/'><img width=\"150\" height=\"150\" src=\"https:\/\/deportesalternativos.com\/argentina\/wp-content\/uploads\/2017\/04\/IMG-20160816-WA0002-Esquel-150x150.jpg\" class=\"attachment-thumbnail size-thumbnail\" alt=\"\" decoding=\"async\" loading=\"lazy\" \/><\/a>\n\t\t\t<\/dt><\/dl><dl class='gallery-item'>\n\t\t\t<dt class='gallery-icon landscape'>\n\t\t\t\t<a href='https:\/\/deportesalternativos.com\/argentina\/debut-en-esquel\/img-20160816-wa0001-esquel\/'><img width=\"150\" height=\"150\" src=\"https:\/\/deportesalternativos.com\/argentina\/wp-content\/uploads\/2017\/04\/IMG-20160816-WA0001-Esquel-150x150.jpg\" class=\"attachment-thumbnail size-thumbnail\" alt=\"\" decoding=\"async\" loading=\"lazy\" \/><\/a>\n\t\t\t<\/dt><\/dl><br style=\"clear: both\" \/><dl class='gallery-item'>\n\t\t\t<dt class='gallery-icon landscape'>\n\t\t\t\t<a href='https:\/\/deportesalternativos.com\/argentina\/debut-en-esquel\/gopr4568_1471265294277_esquel\/'><img width=\"150\" height=\"150\" src=\"https:\/\/deportesalternativos.com\/argentina\/wp-content\/uploads\/2017\/04\/GOPR4568_1471265294277_Esquel-150x150.jpg\" class=\"attachment-thumbnail size-thumbnail\" alt=\"\" decoding=\"async\" loading=\"lazy\" \/><\/a>\n\t\t\t<\/dt><\/dl><dl class='gallery-item'>\n\t\t\t<dt class='gallery-icon landscape'>\n\t\t\t\t<a href='https:\/\/deportesalternativos.com\/argentina\/debut-en-esquel\/gopr4565-esquel\/'><img width=\"150\" height=\"150\" src=\"https:\/\/deportesalternativos.com\/argentina\/wp-content\/uploads\/2017\/04\/GOPR4565-Esquel-150x150.jpg\" class=\"attachment-thumbnail size-thumbnail\" alt=\"\" decoding=\"async\" loading=\"lazy\" \/><\/a>\n\t\t\t<\/dt><\/dl><br style=\"clear: both\" \/>\n\t\t<\/div>\n\n<p>Junto al curso dictado por Ricardo Acu\u00f1a, hubo talleres de B\u00e1dminton (coordinado por Ruben Fernandez y Pablo Bonfanti,l\u00edderes provinciales del deporte) y tambi\u00e9n un taller de Indiaca a cargo del Prof. Daniel Castillo, quien lleg\u00f3 desde C\u00f3rdoba\u00a0para brindar su apoyo. Repetiremos en 2017!<\/p>\n","protected":false},"excerpt":{"rendered":"<p>Esquel cont\u00f3 con la primera capacitaci\u00f3n. Organizada por Chubut Deportes y la Municipalidad de Esquel y coordinada por los Prof. Sebasti\u00e1n Oliva y Mariano Spataro, se llev\u00f3 a cabo en dos d\u00edas plagados de actividades nuevas. Junto al curso dictado por Ricardo Acu\u00f1a, hubo talleres de B\u00e1dminton (coordinado por Ruben Fernandez y Pablo Bonfanti,l\u00edderes provinciales&hellip; <br \/> <a class=\"read-more\" href=\"https:\/\/deportesalternativos.com\/argentina\/debut-en-esquel\/\">Leer m\u00e1s<\/a><\/p>\n","protected":false},"author":1,"featured_media":593,"comment_status":"open","ping_status":"open","sticky":false,"template":"","format":"standard","meta":{"pagelayer_contact_templates":[],"_pagelayer_content":""},"categories":[17,5,12,7,6,1,15,9,3],"tags":[],"_links":{"self":[{"href":"https:\/\/deportesalternativos.com\/argentina\/wp-json\/wp\/v2\/posts\/592"}],"collection":[{"href":"https:\/\/deportesalternativos.com\/argentina\/wp-json\/wp\/v2\/posts"}],"about":[{"href":"https:\/\/deportesalternativos.com\/argentina\/wp-json\/wp\/v2\/types\/post"}],"author":[{"embeddable":true,"href":"https:\/\/deportesalternativos.com\/argentina\/wp-json\/wp\/v2\/users\/1"}],"replies":[{"embeddable":true,"href":"https:\/\/deportesalternativos.com\/argentina\/wp-json\/wp\/v2\/comments?post=592"}],"version-history":[{"count":1,"href":"https:\/\/deportesalternativos.com\/argentina\/wp-json\/wp\/v2\/posts\/592\/revisions"}],"predecessor-version":[{"id":598,"href":"https:\/\/deportesalternativos.com\/argentina\/wp-json\/wp\/v2\/posts\/592\/revisions\/598"}],"wp:featuredmedia":[{"embeddable":true,"href":"https:\/\/deportesalternativos.com\/argentina\/wp-json\/wp\/v2\/media\/593"}],"wp:attachment":[{"href":"https:\/\/deportesalternativos.com\/argentina\/wp-json\/wp\/v2\/media?parent=592"}],"wp:term":[{"taxonomy":"category","embeddable":true,"href":"https:\/\/deportesalternativos.com\/argentina\/wp-json\/wp\/v2\/categories?post=592"},{"taxonomy":"post_tag","embeddable":true,"href":"https:\/\/deportesalternativos.com\/argentina\/wp-json\/wp\/v2\/tags?post=592"}],"curies":[{"name":"wp","href":"https:\/\/api.w.org\/{rel}","templated":true}]}}