{"id":392,"date":"2015-08-04T14:48:01","date_gmt":"2015-08-04T17:48:01","guid":{"rendered":"http:\/\/deportesalternativos.com\/argentina\/?p=392"},"modified":"2015-11-02T14:50:38","modified_gmt":"2015-11-02T17:50:38","slug":"argentina-bronce-en-la-copa-america-de-lacrosse","status":"publish","type":"post","link":"https:\/\/deportesalternativos.com\/argentina\/argentina-bronce-en-la-copa-america-de-lacrosse\/","title":{"rendered":"Argentina Bronce en la Copa Am\u00e9rica de Lacrosse"},"content":{"rendered":"<p><a href=\"https:\/\/deportesalternativos.com\/argentina\/wp-content\/uploads\/2015\/11\/news_lax_mex.jpg\"><img decoding=\"async\" loading=\"lazy\" class=\" size-medium wp-image-393 alignleft\" src=\"https:\/\/deportesalternativos.com\/argentina\/wp-content\/uploads\/2015\/11\/news_lax_mex-300x180.jpg\" alt=\"DCIM100GOPRO\" width=\"300\" height=\"180\" srcset=\"https:\/\/deportesalternativos.com\/argentina\/wp-content\/uploads\/2015\/11\/news_lax_mex-300x180.jpg 300w, https:\/\/deportesalternativos.com\/argentina\/wp-content\/uploads\/2015\/11\/news_lax_mex-1024x615.jpg 1024w\" sizes=\"(max-width: 300px) 100vw, 300px\" \/><\/a>La primera edici\u00f3n de este evento fue llevada a cabo del 22 al 26 de julio de 2015 en la Ciudad de M\u00e9xico y ser\u00e1 realizado cada 4 a\u00f1os como parte de los eventos regionales organizados por la FIL.<br \/>\nLa idea surgi\u00f3 durante el Campeonato Mundial de Denver 2014, producto del primer foro de naciones Latinoamericanas, en el que se decidi\u00f3 realizar este evento como primer paso para la consolidaci\u00f3n de un bloque que diera impulso al desarrollo del deporte en la regi\u00f3n.<br \/>\nLa primera edici\u00f3n de esta competencia se llev\u00f3 a cabo a lo largo de cinco d\u00edas. Al t\u00e9rmino del evento quien se coron\u00f3 como el primer campe\u00f3n Latinoamericano de Lacrosse fue el anfitri\u00f3n M\u00e9xico al vencer a su similar de Chile en la Final.<\/p>\n<p>Resultados<\/p>\n<p>D\u00eda 1 Ronda de Clasificaci\u00f3n<\/p>\n<ul>\n<li>M\u00e9xico (12) vs Colombia (9)<\/li>\n<li>Argentina (9) vs Chile (7)<\/li>\n<\/ul>\n<p>D\u00eda 2 Ronda de Clasificaci\u00f3n<\/p>\n<ul>\n<li>Colombia (5) vs Argentina (7)<\/li>\n<li>M\u00e9xico (8) vs Chile (9)<\/li>\n<\/ul>\n<p>D\u00eda 3 Ronda de Clasificaci\u00f3n<\/p>\n<ul>\n<li>M\u00e9xico (10) vs Argentina (5)<\/li>\n<li>Colombia (6) vs Chile (12)<\/li>\n<\/ul>\n<p>D\u00eda 4 Semifinales<\/p>\n<p><strong>Colombia (7) vs M\u00e9xico (11)<\/strong><\/p>\n<p><strong>Argentina (5) vs Chile (8)<\/strong><\/p>\n<p>D\u00eda 5 Final<\/p>\n<p><strong>M\u00e9xico (16) vs Chile (13)<\/strong><\/p>\n<p><a href=\"https:\/\/deportesalternativos.com\/argentina\/wp-content\/uploads\/2015\/11\/news_copa_america_lax.jpg\"><img decoding=\"async\" loading=\"lazy\" class=\"aligncenter size-medium wp-image-394\" src=\"https:\/\/deportesalternativos.com\/argentina\/wp-content\/uploads\/2015\/11\/news_copa_america_lax-300x57.jpg\" alt=\"news_copa_america_lax\" width=\"300\" height=\"57\" srcset=\"https:\/\/deportesalternativos.com\/argentina\/wp-content\/uploads\/2015\/11\/news_copa_america_lax-300x57.jpg 300w, https:\/\/deportesalternativos.com\/argentina\/wp-content\/uploads\/2015\/11\/news_copa_america_lax.jpg 588w\" sizes=\"(max-width: 300px) 100vw, 300px\" \/><\/a><\/p>\n","protected":false},"excerpt":{"rendered":"<p>La primera edici\u00f3n de este evento fue llevada a cabo del 22 al 26 de julio de 2015 en la Ciudad de M\u00e9xico y ser\u00e1 realizado cada 4 a\u00f1os como parte de los eventos regionales organizados por la FIL. La idea surgi\u00f3 durante el Campeonato Mundial de Denver 2014, producto del primer foro de naciones&hellip; <br \/> <a class=\"read-more\" href=\"https:\/\/deportesalternativos.com\/argentina\/argentina-bronce-en-la-copa-america-de-lacrosse\/\">Leer m\u00e1s<\/a><\/p>\n","protected":false},"author":1,"featured_media":393,"comment_status":"open","ping_status":"open","sticky":false,"template":"","format":"standard","meta":{"pagelayer_contact_templates":[],"_pagelayer_content":""},"categories":[4,15],"tags":[],"_links":{"self":[{"href":"https:\/\/deportesalternativos.com\/argentina\/wp-json\/wp\/v2\/posts\/392"}],"collection":[{"href":"https:\/\/deportesalternativos.com\/argentina\/wp-json\/wp\/v2\/posts"}],"about":[{"href":"https:\/\/deportesalternativos.com\/argentina\/wp-json\/wp\/v2\/types\/post"}],"author":[{"embeddable":true,"href":"https:\/\/deportesalternativos.com\/argentina\/wp-json\/wp\/v2\/users\/1"}],"replies":[{"embeddable":true,"href":"https:\/\/deportesalternativos.com\/argentina\/wp-json\/wp\/v2\/comments?post=392"}],"version-history":[{"count":1,"href":"https:\/\/deportesalternativos.com\/argentina\/wp-json\/wp\/v2\/posts\/392\/revisions"}],"predecessor-version":[{"id":395,"href":"https:\/\/deportesalternativos.com\/argentina\/wp-json\/wp\/v2\/posts\/392\/revisions\/395"}],"wp:featuredmedia":[{"embeddable":true,"href":"https:\/\/deportesalternativos.com\/argentina\/wp-json\/wp\/v2\/media\/393"}],"wp:attachment":[{"href":"https:\/\/deportesalternativos.com\/argentina\/wp-json\/wp\/v2\/media?parent=392"}],"wp:term":[{"taxonomy":"category","embeddable":true,"href":"https:\/\/deportesalternativos.com\/argentina\/wp-json\/wp\/v2\/categories?post=392"},{"taxonomy":"post_tag","embeddable":true,"href":"https:\/\/deportesalternativos.com\/argentina\/wp-json\/wp\/v2\/tags?post=392"}],"curies":[{"name":"wp","href":"https:\/\/api.w.org\/{rel}","templated":true}]}}