{"id":376,"date":"2015-07-19T13:54:44","date_gmt":"2015-07-19T16:54:44","guid":{"rendered":"http:\/\/deportesalternativos.com\/argentina\/?p=376"},"modified":"2015-11-02T13:56:54","modified_gmt":"2015-11-02T16:56:54","slug":"torneo-buenos-aires-korfball-fecha-2","status":"publish","type":"post","link":"https:\/\/deportesalternativos.com\/argentina\/torneo-buenos-aires-korfball-fecha-2\/","title":{"rendered":"Torneo Buenos Aires Korfball, Fecha 2"},"content":{"rendered":"<p><a href=\"https:\/\/deportesalternativos.com\/argentina\/wp-content\/uploads\/2015\/11\/news_korfballbsas.jpg\"><img decoding=\"async\" loading=\"lazy\" class=\" size-medium wp-image-377 alignleft\" src=\"https:\/\/deportesalternativos.com\/argentina\/wp-content\/uploads\/2015\/11\/news_korfballbsas-300x225.jpg\" alt=\"news_korfballbsas\" width=\"300\" height=\"225\" srcset=\"https:\/\/deportesalternativos.com\/argentina\/wp-content\/uploads\/2015\/11\/news_korfballbsas-300x225.jpg 300w, https:\/\/deportesalternativos.com\/argentina\/wp-content\/uploads\/2015\/11\/news_korfballbsas.jpg 960w\" sizes=\"(max-width: 300px) 100vw, 300px\" \/><\/a>El 18 de julio tuvo lugar en \u00abLa Patriada\u00bb de Florencio Varela, la 2\u00b0 fecha del Torneo Buenos Aires, con la participaci\u00f3n de los Equipos UNAJ, La Plata Korfball Club, La Patriada y Varela Korfball. Con un total de 4 partidos, el encuentro represent\u00f3 una acci\u00f3n m\u00e1s en pos del crecimiento t\u00e9cnico del Korfball bonaerense.<\/p>\n<p><a href=\"https:\/\/deportesalternativos.com\/argentina\/wp-content\/uploads\/2015\/11\/news_korfballbsas_posic.jpg\"><img decoding=\"async\" loading=\"lazy\" class=\"aligncenter size-medium wp-image-378\" src=\"https:\/\/deportesalternativos.com\/argentina\/wp-content\/uploads\/2015\/11\/news_korfballbsas_posic-300x179.jpg\" alt=\"news_korfballbsas_posic\" width=\"300\" height=\"179\" srcset=\"https:\/\/deportesalternativos.com\/argentina\/wp-content\/uploads\/2015\/11\/news_korfballbsas_posic-300x179.jpg 300w, https:\/\/deportesalternativos.com\/argentina\/wp-content\/uploads\/2015\/11\/news_korfballbsas_posic.jpg 670w\" sizes=\"(max-width: 300px) 100vw, 300px\" \/><\/a><\/p>\n","protected":false},"excerpt":{"rendered":"<p>El 18 de julio tuvo lugar en \u00abLa Patriada\u00bb de Florencio Varela, la 2\u00b0 fecha del Torneo Buenos Aires, con la participaci\u00f3n de los Equipos UNAJ, La Plata Korfball Club, La Patriada y Varela Korfball. Con un total de 4 partidos, el encuentro represent\u00f3 una acci\u00f3n m\u00e1s en pos del crecimiento t\u00e9cnico del Korfball bonaerense.<\/p>\n","protected":false},"author":1,"featured_media":377,"comment_status":"open","ping_status":"open","sticky":false,"template":"","format":"standard","meta":{"pagelayer_contact_templates":[],"_pagelayer_content":""},"categories":[6,15],"tags":[],"_links":{"self":[{"href":"https:\/\/deportesalternativos.com\/argentina\/wp-json\/wp\/v2\/posts\/376"}],"collection":[{"href":"https:\/\/deportesalternativos.com\/argentina\/wp-json\/wp\/v2\/posts"}],"about":[{"href":"https:\/\/deportesalternativos.com\/argentina\/wp-json\/wp\/v2\/types\/post"}],"author":[{"embeddable":true,"href":"https:\/\/deportesalternativos.com\/argentina\/wp-json\/wp\/v2\/users\/1"}],"replies":[{"embeddable":true,"href":"https:\/\/deportesalternativos.com\/argentina\/wp-json\/wp\/v2\/comments?post=376"}],"version-history":[{"count":1,"href":"https:\/\/deportesalternativos.com\/argentina\/wp-json\/wp\/v2\/posts\/376\/revisions"}],"predecessor-version":[{"id":379,"href":"https:\/\/deportesalternativos.com\/argentina\/wp-json\/wp\/v2\/posts\/376\/revisions\/379"}],"wp:featuredmedia":[{"embeddable":true,"href":"https:\/\/deportesalternativos.com\/argentina\/wp-json\/wp\/v2\/media\/377"}],"wp:attachment":[{"href":"https:\/\/deportesalternativos.com\/argentina\/wp-json\/wp\/v2\/media?parent=376"}],"wp:term":[{"taxonomy":"category","embeddable":true,"href":"https:\/\/deportesalternativos.com\/argentina\/wp-json\/wp\/v2\/categories?post=376"},{"taxonomy":"post_tag","embeddable":true,"href":"https:\/\/deportesalternativos.com\/argentina\/wp-json\/wp\/v2\/tags?post=376"}],"curies":[{"name":"wp","href":"https:\/\/api.w.org\/{rel}","templated":true}]}}