{"id":303,"date":"2015-05-23T15:52:06","date_gmt":"2015-05-23T18:52:06","guid":{"rendered":"http:\/\/deportesalternativos.com\/argentina\/?p=303"},"modified":"2015-06-01T16:23:23","modified_gmt":"2015-06-01T19:23:23","slug":"303","status":"publish","type":"post","link":"https:\/\/deportesalternativos.com\/argentina\/303\/","title":{"rendered":"Ya se visualiza el ENDA 2015"},"content":{"rendered":"<p><strong><a href=\"https:\/\/deportesalternativos.com\/argentina\/wp-content\/uploads\/2015\/06\/Ezeiza2013_0048.jpg\"><img decoding=\"async\" loading=\"lazy\" class=\"aligncenter size-medium wp-image-304\" src=\"https:\/\/deportesalternativos.com\/argentina\/wp-content\/uploads\/2015\/06\/Ezeiza2013_0048-300x225.jpg\" alt=\"Ezeiza2013_0048\" width=\"300\" height=\"225\" srcset=\"https:\/\/deportesalternativos.com\/argentina\/wp-content\/uploads\/2015\/06\/Ezeiza2013_0048-300x225.jpg 300w, https:\/\/deportesalternativos.com\/argentina\/wp-content\/uploads\/2015\/06\/Ezeiza2013_0048.jpg 800w\" sizes=\"(max-width: 300px) 100vw, 300px\" \/><\/a>CODASPORTS<\/strong> se encuentra ultimando los detalles de lo que ser\u00e1 el <strong>ENDA (Encuentro Nacional de Deportes Alternativos<\/strong>, tradicionalmente desarrollado en Ezeiza). Ser\u00e1 en conjunto con el <strong>Congreso Nacional de Deportes Alternativos<\/strong>. Ambos eventos se estima, que ser\u00e1n llevados a cabo en la Provincia de Mendoza y la fecha que se vislumbra es del viernes 28 al domingo 30 de agosto. Estamos en pleno trabajo y toda la informaci\u00f3n estar\u00e1 disponible en la p\u00e1gina web oficial de los Deportes Alternativos, <a href=\"http:\/\/www.deportesalternativos.com\">www.deportesalternativos.com<\/a><\/p>\n","protected":false},"excerpt":{"rendered":"<p>CODASPORTS se encuentra ultimando los detalles de lo que ser\u00e1 el ENDA (Encuentro Nacional de Deportes Alternativos, tradicionalmente desarrollado en Ezeiza). Ser\u00e1 en conjunto con el Congreso Nacional de Deportes Alternativos. Ambos eventos se estima, que ser\u00e1n llevados a cabo en la Provincia de Mendoza y la fecha que se vislumbra es del viernes 28&hellip; <br \/> <a class=\"read-more\" href=\"https:\/\/deportesalternativos.com\/argentina\/303\/\">Leer m\u00e1s<\/a><\/p>\n","protected":false},"author":1,"featured_media":304,"comment_status":"open","ping_status":"open","sticky":false,"template":"","format":"standard","meta":{"pagelayer_contact_templates":[],"_pagelayer_content":""},"categories":[17,8,5,12,7,6,4,1,15,9,3],"tags":[],"_links":{"self":[{"href":"https:\/\/deportesalternativos.com\/argentina\/wp-json\/wp\/v2\/posts\/303"}],"collection":[{"href":"https:\/\/deportesalternativos.com\/argentina\/wp-json\/wp\/v2\/posts"}],"about":[{"href":"https:\/\/deportesalternativos.com\/argentina\/wp-json\/wp\/v2\/types\/post"}],"author":[{"embeddable":true,"href":"https:\/\/deportesalternativos.com\/argentina\/wp-json\/wp\/v2\/users\/1"}],"replies":[{"embeddable":true,"href":"https:\/\/deportesalternativos.com\/argentina\/wp-json\/wp\/v2\/comments?post=303"}],"version-history":[{"count":3,"href":"https:\/\/deportesalternativos.com\/argentina\/wp-json\/wp\/v2\/posts\/303\/revisions"}],"predecessor-version":[{"id":307,"href":"https:\/\/deportesalternativos.com\/argentina\/wp-json\/wp\/v2\/posts\/303\/revisions\/307"}],"wp:featuredmedia":[{"embeddable":true,"href":"https:\/\/deportesalternativos.com\/argentina\/wp-json\/wp\/v2\/media\/304"}],"wp:attachment":[{"href":"https:\/\/deportesalternativos.com\/argentina\/wp-json\/wp\/v2\/media?parent=303"}],"wp:term":[{"taxonomy":"category","embeddable":true,"href":"https:\/\/deportesalternativos.com\/argentina\/wp-json\/wp\/v2\/categories?post=303"},{"taxonomy":"post_tag","embeddable":true,"href":"https:\/\/deportesalternativos.com\/argentina\/wp-json\/wp\/v2\/tags?post=303"}],"curies":[{"name":"wp","href":"https:\/\/api.w.org\/{rel}","templated":true}]}}