{"id":207,"date":"2015-02-26T14:25:00","date_gmt":"2015-02-26T17:25:00","guid":{"rendered":"http:\/\/deportesalternativos.com\/argentina\/?p=207"},"modified":"2015-02-26T14:25:49","modified_gmt":"2015-02-26T17:25:49","slug":"gustavo-di-si-a-europa","status":"publish","type":"post","link":"https:\/\/deportesalternativos.com\/argentina\/gustavo-di-si-a-europa\/","title":{"rendered":"Gustavo Di Si, a Europa"},"content":{"rendered":"<p>El Piloto Gustavo Di Si, nuestro \u00abpr\u00f3cer\u00bb de Cometas Acrob\u00e1ticas fue invitado a dos eventos en el Viejo Mundo.<\/p>\n<p>Gustavo, eximio piloto argentino, se prepara para poder mostrar en Europa toda su destreza y arte.<\/p>\n<p>En primer t\u00e9rmino se presentar\u00e1 el 11 y 12 de Abril en Valencia, Espa\u00f1a, en el XVIII Festival Internacional del Viento \u00abCiudad de Valencia\u00bb y luego viajar\u00e1 a Francia al 29\u00b0 Rencontres Internationales Cerfs Volants, en Berck-sur-mer, del 18 al 26 de Abril.<\/p>\n<p>Estaremos cubriendo todas las alternativas de la participaci\u00f3n de Gustavo en Europa.<\/p>\n<p><iframe loading=\"lazy\" src=\"\/\/player.vimeo.com\/video\/118410071\" width=\"500\" height=\"281\" frameborder=\"0\" allowfullscreen=\"allowfullscreen\"><\/iframe><\/p>\n<p><a href=\"https:\/\/vimeo.com\/118410071\">Multiple kite flying, 1-jan-2015<\/a> from <a href=\"https:\/\/vimeo.com\/user2415212\">Gerardo Fisanotti<\/a> on <a href=\"https:\/\/vimeo.com\">Vimeo<\/a>.<\/p>\n\n\t\t<style type=\"text\/css\">\n\t\t\t#gallery-1 {\n\t\t\t\tmargin: auto;\n\t\t\t}\n\t\t\t#gallery-1 .gallery-item {\n\t\t\t\tfloat: left;\n\t\t\t\tmargin-top: 10px;\n\t\t\t\ttext-align: center;\n\t\t\t\twidth: 50%;\n\t\t\t}\n\t\t\t#gallery-1 img {\n\t\t\t\tborder: 2px solid #cfcfcf;\n\t\t\t}\n\t\t\t#gallery-1 .gallery-caption {\n\t\t\t\tmargin-left: 0;\n\t\t\t}\n\t\t\t\/* see gallery_shortcode() in wp-includes\/media.php *\/\n\t\t<\/style>\n\t\t<div id='gallery-1' class='gallery galleryid-207 gallery-columns-2 gallery-size-thumbnail'><dl class='gallery-item'>\n\t\t\t<dt class='gallery-icon portrait'>\n\t\t\t\t<a href='https:\/\/deportesalternativos.com\/argentina\/gustavo-di-si-a-europa\/valencia\/'><img width=\"150\" height=\"150\" src=\"https:\/\/deportesalternativos.com\/argentina\/wp-content\/uploads\/2015\/02\/valencia-150x150.png\" class=\"attachment-thumbnail size-thumbnail\" alt=\"\" decoding=\"async\" loading=\"lazy\" \/><\/a>\n\t\t\t<\/dt><\/dl><dl class='gallery-item'>\n\t\t\t<dt class='gallery-icon portrait'>\n\t\t\t\t<a href='https:\/\/deportesalternativos.com\/argentina\/gustavo-di-si-a-europa\/volants\/'><img width=\"150\" height=\"150\" src=\"https:\/\/deportesalternativos.com\/argentina\/wp-content\/uploads\/2015\/02\/volants-150x150.png\" class=\"attachment-thumbnail size-thumbnail\" alt=\"\" decoding=\"async\" loading=\"lazy\" \/><\/a>\n\t\t\t<\/dt><\/dl><br style=\"clear: both\" \/>\n\t\t<\/div>\n\n","protected":false},"excerpt":{"rendered":"<p>El Piloto Gustavo Di Si, nuestro \u00abpr\u00f3cer\u00bb de Cometas Acrob\u00e1ticas fue invitado a dos eventos en el Viejo Mundo. Gustavo, eximio piloto argentino, se prepara para poder mostrar en Europa toda su destreza y arte. En primer t\u00e9rmino se presentar\u00e1 el 11 y 12 de Abril en Valencia, Espa\u00f1a, en el XVIII Festival Internacional del&hellip; <br \/> <a class=\"read-more\" href=\"https:\/\/deportesalternativos.com\/argentina\/gustavo-di-si-a-europa\/\">Leer m\u00e1s<\/a><\/p>\n","protected":false},"author":1,"featured_media":210,"comment_status":"open","ping_status":"open","sticky":false,"template":"","format":"standard","meta":{"pagelayer_contact_templates":[],"_pagelayer_content":""},"categories":[1,15],"tags":[],"_links":{"self":[{"href":"https:\/\/deportesalternativos.com\/argentina\/wp-json\/wp\/v2\/posts\/207"}],"collection":[{"href":"https:\/\/deportesalternativos.com\/argentina\/wp-json\/wp\/v2\/posts"}],"about":[{"href":"https:\/\/deportesalternativos.com\/argentina\/wp-json\/wp\/v2\/types\/post"}],"author":[{"embeddable":true,"href":"https:\/\/deportesalternativos.com\/argentina\/wp-json\/wp\/v2\/users\/1"}],"replies":[{"embeddable":true,"href":"https:\/\/deportesalternativos.com\/argentina\/wp-json\/wp\/v2\/comments?post=207"}],"version-history":[{"count":2,"href":"https:\/\/deportesalternativos.com\/argentina\/wp-json\/wp\/v2\/posts\/207\/revisions"}],"predecessor-version":[{"id":212,"href":"https:\/\/deportesalternativos.com\/argentina\/wp-json\/wp\/v2\/posts\/207\/revisions\/212"}],"wp:featuredmedia":[{"embeddable":true,"href":"https:\/\/deportesalternativos.com\/argentina\/wp-json\/wp\/v2\/media\/210"}],"wp:attachment":[{"href":"https:\/\/deportesalternativos.com\/argentina\/wp-json\/wp\/v2\/media?parent=207"}],"wp:term":[{"taxonomy":"category","embeddable":true,"href":"https:\/\/deportesalternativos.com\/argentina\/wp-json\/wp\/v2\/categories?post=207"},{"taxonomy":"post_tag","embeddable":true,"href":"https:\/\/deportesalternativos.com\/argentina\/wp-json\/wp\/v2\/tags?post=207"}],"curies":[{"name":"wp","href":"https:\/\/api.w.org\/{rel}","templated":true}]}}